{"id":90,"count":3,"description":"","link":"https:\/\/www.jacquesfrelin.com\/en\/?taxonomy=cepages&term=carignan-en","name":"Carignan","slug":"carignan-en","taxonomy":"cepages","meta":[],"yoast_head":"<!-- This site is optimized with the Yoast SEO plugin v27.5 - https:\/\/yoast.com\/product\/yoast-seo-wordpress\/ -->\n<title>Carignan - Jacques Frelin Vignobles<\/title>\n<meta name=\"description\" content=\"Le carignan est un c\u00e9page noir de cuve dont l&#039;origine est probablement aragonaise. Arriv\u00e9 en France, il est essentiellement cultiv\u00e9 dans le vignoble du Languedoc-Roussillon.\" \/>\n<meta name=\"robots\" content=\"index, follow, max-snippet:-1, max-image-preview:large, max-video-preview:-1\" \/>\n<link rel=\"canonical\" href=\"https:\/\/www.jacquesfrelin.com\/en\/?taxonomy=cepages&term=carignan-en\" \/>\n<meta property=\"og:locale\" content=\"en_US\" \/>\n<meta property=\"og:type\" content=\"article\" \/>\n<meta property=\"og:title\" content=\"Carignan - Jacques Frelin Vignobles\" \/>\n<meta property=\"og:description\" content=\"Le carignan est un c\u00e9page noir de cuve dont l&#039;origine est probablement aragonaise. Arriv\u00e9 en France, il est essentiellement cultiv\u00e9 dans le vignoble du Languedoc-Roussillon.\" \/>\n<meta property=\"og:url\" content=\"https:\/\/www.jacquesfrelin.com\/en\/?taxonomy=cepages&amp;term=carignan-en\" \/>\n<meta property=\"og:site_name\" content=\"Jacques Frelin Vignobles\" \/>\n<meta name=\"twitter:card\" content=\"summary_large_image\" \/>\n<script type=\"application\/ld+json\" class=\"yoast-schema-graph\">{\"@context\":\"https:\\\/\\\/schema.org\",\"@graph\":[{\"@type\":\"CollectionPage\",\"@id\":\"https:\\\/\\\/www.jacquesfrelin.com\\\/en\\\/?taxonomy=cepages&term=carignan-en\",\"url\":\"https:\\\/\\\/www.jacquesfrelin.com\\\/en\\\/?taxonomy=cepages&term=carignan-en\",\"name\":\"Carignan - Jacques Frelin Vignobles\",\"isPartOf\":{\"@id\":\"https:\\\/\\\/www.jacquesfrelin.com\\\/en\\\/#website\"},\"description\":\"Le carignan est un c\u00e9page noir de cuve dont l'origine est probablement aragonaise. Arriv\u00e9 en France, il est essentiellement cultiv\u00e9 dans le vignoble du Languedoc-Roussillon.\",\"breadcrumb\":{\"@id\":\"https:\\\/\\\/www.jacquesfrelin.com\\\/en\\\/?taxonomy=cepages&term=carignan-en#breadcrumb\"},\"inLanguage\":\"en-US\"},{\"@type\":\"BreadcrumbList\",\"@id\":\"https:\\\/\\\/www.jacquesfrelin.com\\\/en\\\/?taxonomy=cepages&term=carignan-en#breadcrumb\",\"itemListElement\":[{\"@type\":\"ListItem\",\"position\":1,\"name\":\"Accueil\",\"item\":\"https:\\\/\\\/www.jacquesfrelin.com\\\/en\\\/\"},{\"@type\":\"ListItem\",\"position\":2,\"name\":\"Carignan\"}]},{\"@type\":\"WebSite\",\"@id\":\"https:\\\/\\\/www.jacquesfrelin.com\\\/en\\\/#website\",\"url\":\"https:\\\/\\\/www.jacquesfrelin.com\\\/en\\\/\",\"name\":\"Jacques Frelin Vignobles\",\"description\":\"Cr\u00e9atrices de vins biologiques depuis 1983\",\"publisher\":{\"@id\":\"https:\\\/\\\/www.jacquesfrelin.com\\\/en\\\/#organization\"},\"potentialAction\":[{\"@type\":\"SearchAction\",\"target\":{\"@type\":\"EntryPoint\",\"urlTemplate\":\"https:\\\/\\\/www.jacquesfrelin.com\\\/en\\\/?s={search_term_string}\"},\"query-input\":{\"@type\":\"PropertyValueSpecification\",\"valueRequired\":true,\"valueName\":\"search_term_string\"}}],\"inLanguage\":\"en-US\"},{\"@type\":\"Organization\",\"@id\":\"https:\\\/\\\/www.jacquesfrelin.com\\\/en\\\/#organization\",\"name\":\"Jacques Frelin Vignobles\",\"url\":\"https:\\\/\\\/www.jacquesfrelin.com\\\/en\\\/\",\"logo\":{\"@type\":\"ImageObject\",\"inLanguage\":\"en-US\",\"@id\":\"https:\\\/\\\/www.jacquesfrelin.com\\\/en\\\/#\\\/schema\\\/logo\\\/image\\\/\",\"url\":\"https:\\\/\\\/www.jacquesfrelin.com\\\/wp-content\\\/uploads\\\/2023\\\/11\\\/cropped-logo-jacques-frelin-bleu.png\",\"contentUrl\":\"https:\\\/\\\/www.jacquesfrelin.com\\\/wp-content\\\/uploads\\\/2023\\\/11\\\/cropped-logo-jacques-frelin-bleu.png\",\"width\":790,\"height\":278,\"caption\":\"Jacques Frelin Vignobles\"},\"image\":{\"@id\":\"https:\\\/\\\/www.jacquesfrelin.com\\\/en\\\/#\\\/schema\\\/logo\\\/image\\\/\"}}]}<\/script>\n<!-- \/ Yoast SEO plugin. -->","yoast_head_json":{"title":"Carignan - Jacques Frelin Vignobles","description":"Le carignan est un c\u00e9page noir de cuve dont l'origine est probablement aragonaise. Arriv\u00e9 en France, il est essentiellement cultiv\u00e9 dans le vignoble du Languedoc-Roussillon.","robots":{"index":"index","follow":"follow","max-snippet":"max-snippet:-1","max-image-preview":"max-image-preview:large","max-video-preview":"max-video-preview:-1"},"canonical":"https:\/\/www.jacquesfrelin.com\/en\/?taxonomy=cepages&term=carignan-en","og_locale":"en_US","og_type":"article","og_title":"Carignan - Jacques Frelin Vignobles","og_description":"Le carignan est un c\u00e9page noir de cuve dont l'origine est probablement aragonaise. Arriv\u00e9 en France, il est essentiellement cultiv\u00e9 dans le vignoble du Languedoc-Roussillon.","og_url":"https:\/\/www.jacquesfrelin.com\/en\/?taxonomy=cepages&term=carignan-en","og_site_name":"Jacques Frelin Vignobles","twitter_card":"summary_large_image","schema":{"@context":"https:\/\/schema.org","@graph":[{"@type":"CollectionPage","@id":"https:\/\/www.jacquesfrelin.com\/en\/?taxonomy=cepages&term=carignan-en","url":"https:\/\/www.jacquesfrelin.com\/en\/?taxonomy=cepages&term=carignan-en","name":"Carignan - Jacques Frelin Vignobles","isPartOf":{"@id":"https:\/\/www.jacquesfrelin.com\/en\/#website"},"description":"Le carignan est un c\u00e9page noir de cuve dont l'origine est probablement aragonaise. Arriv\u00e9 en France, il est essentiellement cultiv\u00e9 dans le vignoble du Languedoc-Roussillon.","breadcrumb":{"@id":"https:\/\/www.jacquesfrelin.com\/en\/?taxonomy=cepages&term=carignan-en#breadcrumb"},"inLanguage":"en-US"},{"@type":"BreadcrumbList","@id":"https:\/\/www.jacquesfrelin.com\/en\/?taxonomy=cepages&term=carignan-en#breadcrumb","itemListElement":[{"@type":"ListItem","position":1,"name":"Accueil","item":"https:\/\/www.jacquesfrelin.com\/en\/"},{"@type":"ListItem","position":2,"name":"Carignan"}]},{"@type":"WebSite","@id":"https:\/\/www.jacquesfrelin.com\/en\/#website","url":"https:\/\/www.jacquesfrelin.com\/en\/","name":"Jacques Frelin Vignobles","description":"Cr\u00e9atrices de vins biologiques depuis 1983","publisher":{"@id":"https:\/\/www.jacquesfrelin.com\/en\/#organization"},"potentialAction":[{"@type":"SearchAction","target":{"@type":"EntryPoint","urlTemplate":"https:\/\/www.jacquesfrelin.com\/en\/?s={search_term_string}"},"query-input":{"@type":"PropertyValueSpecification","valueRequired":true,"valueName":"search_term_string"}}],"inLanguage":"en-US"},{"@type":"Organization","@id":"https:\/\/www.jacquesfrelin.com\/en\/#organization","name":"Jacques Frelin Vignobles","url":"https:\/\/www.jacquesfrelin.com\/en\/","logo":{"@type":"ImageObject","inLanguage":"en-US","@id":"https:\/\/www.jacquesfrelin.com\/en\/#\/schema\/logo\/image\/","url":"https:\/\/www.jacquesfrelin.com\/wp-content\/uploads\/2023\/11\/cropped-logo-jacques-frelin-bleu.png","contentUrl":"https:\/\/www.jacquesfrelin.com\/wp-content\/uploads\/2023\/11\/cropped-logo-jacques-frelin-bleu.png","width":790,"height":278,"caption":"Jacques Frelin Vignobles"},"image":{"@id":"https:\/\/www.jacquesfrelin.com\/en\/#\/schema\/logo\/image\/"}}]}},"_links":{"self":[{"href":"https:\/\/www.jacquesfrelin.com\/en\/wp-json\/wp\/v2\/cepages\/90","targetHints":{"allow":["GET"]}}],"collection":[{"href":"https:\/\/www.jacquesfrelin.com\/en\/wp-json\/wp\/v2\/cepages"}],"about":[{"href":"https:\/\/www.jacquesfrelin.com\/en\/wp-json\/wp\/v2\/taxonomies\/cepages"}],"wp:post_type":[{"href":"https:\/\/www.jacquesfrelin.com\/en\/wp-json\/wp\/v2\/nos-vins-bio?cepages=90"}],"curies":[{"name":"wp","href":"https:\/\/api.w.org\/{rel}","templated":true}]}}